{"id":179,"date":"2024-01-22T23:21:08","date_gmt":"2024-01-22T23:21:08","guid":{"rendered":"http:\/\/anthemes.net\/themes\/1page\/?p=179"},"modified":"2024-01-23T15:13:54","modified_gmt":"2024-01-23T15:13:54","slug":"chiara-ferragni-y-su-caida-a-los-infiernos-de-influencer-millonaria-a-ser-apodada-ladrona","status":"publish","type":"post","link":"https:\/\/buenosdatos.cl\/?p=179","title":{"rendered":"Chiara Ferragni y su ca\u00edda en las redes: de influencer millonaria a ser apodada \u00abladrona\u00bb"},"content":{"rendered":"<p><em><strong>Chiara Ferragni<\/strong> <\/em>siempre ha sido considerada una de las mejores influencers del mundo. La italiana lleva en Internet desde hace muchos a\u00f1os y sus comienzos fueron con un blog para, luego, seguir con su propio perfil de Instagram, que acumula casi diez millones de seguidores, y su propia empresa. As\u00ed, ha hecho de su persona una marca exitosa. Hasta hace poco m\u00e1s de un mes y medio. Fue a principios de diciembre cuando la Fiscal\u00eda de Mil\u00e1n comenz\u00f3 una investigaci\u00f3n contra la creadora de contenido por un delito grave de estafa.<\/p>\n<p>Al parecer, la justicia italiana piensa que <strong>Chiara<\/strong> no ha actuado de forma transparente. Y se centra en la venta de un t\u00edpico dulce italiano, un pandoro, junto con la empresa Balocco. De esta forma, el precio elevado del producto hab\u00eda hecho entender, sobre todo a sus seguidores, que la diferencia ir\u00eda en beneficencia del Hospital Reina Margarita de Tur\u00edn. Un extremo que no sucedi\u00f3 y del que sus followers eran totalmente desconocedores.<\/p>\n<p><strong>Chiara Ferragni est\u00e1 siendo investigando por un delito grave de estafa<\/strong><\/p>\n<p>De esta manera, <strong>Chiara<\/strong> dise\u00f1\u00f3 una colecci\u00f3n de este dulce navide\u00f1o que triplicaba su precio al de habitual. Es decir, unos nueve euros. En esta l\u00ednea, la Autoridad Antimonopolio italiana (AGCM) mult\u00f3 a las empresas de la influencer as\u00ed como a aquella que hab\u00eda producido el dulce con m\u00e1s de un mill\u00f3n de euros y 420.000 euros, respectivamente. Se escudaron en que se hab\u00eda producido una \u00abpr\u00e1ctica comercial incorrecta\u00bb.<\/p>\n<p>No fue hasta principios del mes de enero cuando <strong>Chiara<\/strong> se pronunci\u00f3 sobre este tema en sus redes sociales. Durante casi un mes estuvo sin compartir ning\u00fan tipo de contenido en su perfil de Instagram, donde siempre ha sido muy activa. De esta manera, la creadora de contenido reapareci\u00f3 con mala cara y claros signos de arrepentimiento. Aleg\u00f3 que su mensaje se hab\u00eda malinterpretado y que se hab\u00eda producido un error \u00abde comunicaci\u00f3n\u00bb. \u00abA nuestros hijos les ense\u00f1amos que nos podemos equivocar y que cuando eso ocurre hay que admitirlo y, si es posible, reparar el da\u00f1o provocado\u00bb, explic\u00f3<strong> Chiara<\/strong> visiblemente emocionada.<\/p>\n<p><strong>Las p\u00e9rdidas que est\u00e1 sufriendo Chiara Ferragni en las \u00faltimas semanas<\/strong><\/p>\n<p>En ese mismo v\u00eddeo, Chiara confirm\u00f3 que hab\u00eda donado un mill\u00f3n de euros al Hospital Reina Margarita y que, adem\u00e1s, si la sentencia que hab\u00eda recurrido le era favorable, dar\u00eda la diferencia entre lo que ped\u00eda ella y lo que le exig\u00edan desde la Autoridad Antimonopolio. A pesar de que se vio a una Chiara compungida parece ser que esto le ha pasado factura, y no solamente a nivel personal, sino, tambi\u00e9n, a nivel profesional. De esta manera, la placa que est\u00e1 ubicada en la fachada de una de sus tiendas m\u00e1s importantes, la que se encuentra en Roma, ha amanecido con varias pintadas en la que se pod\u00edan leer: \u00abladrona\u00bb o \u00abestafadora\u00bb.<\/p>\n<p>Tambi\u00e9n, en todo este tiempo, tal y como publica el diario italiano Il Messagero, la influencer habr\u00eda perdido m\u00e1s de 200.000 seguidores. Y no solamente eso. Muchas de las empresas que trabajaban con ella, como Safilo o Coca Cola, han decidido romper la relaci\u00f3n contractual con la creadora de contenido tras la pol\u00e9mica. Unos pasos que, tambi\u00e9n, podr\u00edan seguir otras marcas como Monnalisa, una marca de ropa para ni\u00f1os, que estar\u00eda \u00abevaluando\u00bb su futuro con Chiara.<br \/>\nEn estos a\u00f1os de carrera, Chiara ha firmado contratos con una infinidad de empresas distintas. En el a\u00f1o 2021 se uni\u00f3 al Consejo de Administraci\u00f3n de la marca Tod\u2019s como consejera independiente. Tambi\u00e9n, ha colaborado con Intimissimi, Calzedonia y Nespresso. Lo cierto es que, estos \u00faltimos meses, no est\u00e1n siendo muy buenos tanto para la influencer como para su marido, el cantante Fedez. En marzo del pasado a\u00f1o, el artista desvel\u00f3 que sufr\u00eda un c\u00e1ncer muy agresivo, del que hab\u00eda podido ser intervenido a tiempo. A\u00fan as\u00ed, a finales de ese mismo a\u00f1o, sufri\u00f3 una hemorragia que hizo que tuviera que estar hospitalizado.<\/p>\n<p>Hace unos d\u00edas el conocido Periodista Jaime Bayly\u00a0 hizo un video refiri\u00e9ndose a este caso :<\/p>\n<p><iframe loading=\"lazy\" title=\"YouTube video player\" src=\"https:\/\/www.youtube.com\/embed\/vaPgvkPcHj8?si=s30sZ6UtEW4EEzN-\" width=\"560\" height=\"315\" frameborder=\"0\" allowfullscreen=\"allowfullscreen\"><\/iframe><\/p>\n<p>&nbsp;<\/p>\n<p>fuente: https:\/\/theobjective.com<\/p>\n","protected":false},"excerpt":{"rendered":"<p> https:\/\/www.instagram.com\/chiaraferragni     <\/p>\n","protected":false},"author":1,"featured_media":2839,"comment_status":"open","ping_status":"closed","sticky":false,"template":"","format":"standard","meta":{"footnotes":""},"categories":[23,22,24],"tags":[490],"class_list":["post-179","post","type-post","status-publish","format-standard","has-post-thumbnail","hentry","category-actualidad","category-farancula","category-viral","tag-influencer"],"_links":{"self":[{"href":"https:\/\/buenosdatos.cl\/index.php?rest_route=\/wp\/v2\/posts\/179","targetHints":{"allow":["GET"]}}],"collection":[{"href":"https:\/\/buenosdatos.cl\/index.php?rest_route=\/wp\/v2\/posts"}],"about":[{"href":"https:\/\/buenosdatos.cl\/index.php?rest_route=\/wp\/v2\/types\/post"}],"author":[{"embeddable":true,"href":"https:\/\/buenosdatos.cl\/index.php?rest_route=\/wp\/v2\/users\/1"}],"replies":[{"embeddable":true,"href":"https:\/\/buenosdatos.cl\/index.php?rest_route=%2Fwp%2Fv2%2Fcomments&post=179"}],"version-history":[{"count":4,"href":"https:\/\/buenosdatos.cl\/index.php?rest_route=\/wp\/v2\/posts\/179\/revisions"}],"predecessor-version":[{"id":2864,"href":"https:\/\/buenosdatos.cl\/index.php?rest_route=\/wp\/v2\/posts\/179\/revisions\/2864"}],"wp:featuredmedia":[{"embeddable":true,"href":"https:\/\/buenosdatos.cl\/index.php?rest_route=\/wp\/v2\/media\/2839"}],"wp:attachment":[{"href":"https:\/\/buenosdatos.cl\/index.php?rest_route=%2Fwp%2Fv2%2Fmedia&parent=179"}],"wp:term":[{"taxonomy":"category","embeddable":true,"href":"https:\/\/buenosdatos.cl\/index.php?rest_route=%2Fwp%2Fv2%2Fcategories&post=179"},{"taxonomy":"post_tag","embeddable":true,"href":"https:\/\/buenosdatos.cl\/index.php?rest_route=%2Fwp%2Fv2%2Ftags&post=179"}],"curies":[{"name":"wp","href":"https:\/\/api.w.org\/{rel}","templated":true}]}}