{"id":184,"date":"2020-10-10T23:37:04","date_gmt":"2020-10-10T23:37:04","guid":{"rendered":"http:\/\/anthemes.net\/themes\/1page\/?p=184"},"modified":"2024-01-22T11:30:45","modified_gmt":"2024-01-22T11:30:45","slug":"esta-fue-la-primera-foto-subida-a-internet-18-de-julio-de-1992","status":"publish","type":"post","link":"https:\/\/buenosdatos.cl\/?p=184","title":{"rendered":"Esta fue la primera foto subida a internet (18 de Julio de 1992)"},"content":{"rendered":"<p>Cuatro mujeres sonrientes, ataviadas en vestidos de noche, posan para una fotograf\u00eda. Si la imagen se mira con detenimiento, se ve que fueron recortadas de una fotograf\u00eda para pegarlas sobre un fondo b\u00e1sico decorado con la leyenda\u00a0<i>Les Horribles Cernettes<\/i>. No es el trabajo de un experto, pero se nota esmero. Y, referencias aparte, la composici\u00f3n recuerda a los grupos femeninos de m\u00fasica pop de los a\u00f1os ochenta como las Bangles, en Estados Unidos, o las Flans, en M\u00e9xico . Podr\u00eda ser una de las tantas millones de im\u00e1genes que circulan por internet, <strong>pero no es una foto\u00a0 cualquiera, sino la primera fotograf\u00eda subida a la red.<\/strong><\/p>\n<p class=\"voc-p\">El creador de la World Wide Web, Tim Berners Lee, fue quien tuvo la idea de subir la foto a la nueva red, seg\u00fan recoge The Telegraph. Sus compa\u00f1eros se extra\u00f1aron porque en esos momentos Internet estaba compuesto\u00a0<strong>exclusivamente de texto\u00a0<\/strong>y s\u00f3lo lo utilizaban f\u00edsicos. A ello \u00e9l respondi\u00f3 con un \u00abser\u00e1 divertido\u00bb.<\/p>\n<p class=\"voc-p\">A\u00f1os despu\u00e9s nadie le puede rebatir este convencimiento a Berners Lee. No s\u00f3lo divertido sino divulgativo, creativo \u2013 entre otras muchas cosas \u2013 y <strong>rentable para muchas empresas\u00a0<\/strong>. La importancia de las fotograf\u00edas en estos momentos es tal que Facebook \u2013 para quien \u00e9stas son esenciales para mantener la actividad de los usuarios \u2013 ha pagado 1.000 millones de d\u00f3lares por Instagram.<\/p>\n<p class=\"voc-p\">La imagen de\u00a0<strong>Les Horribles Cernettes\u00a0<\/strong>, tomada al estilo de una portada de disco, fue subida en formato .GIF desde un Mac a color, utilizando la primera versi\u00f3n del programa photoShop, de Adobe.<\/p>\n","protected":false},"excerpt":{"rendered":"<p>Era un grupo musical de aficionados llamado \u00abLes Horribles Cernettes\u00bb<\/p>\n","protected":false},"author":1,"featured_media":2828,"comment_status":"closed","ping_status":"closed","sticky":false,"template":"","format":"standard","meta":{"footnotes":""},"categories":[27,25,21],"tags":[486,392],"class_list":["post-184","post","type-post","status-publish","format-standard","has-post-thumbnail","hentry","category-buendato","category-curiosidad","category-undiaenlahistoria","tag-historia","tag-social"],"_links":{"self":[{"href":"https:\/\/buenosdatos.cl\/index.php?rest_route=\/wp\/v2\/posts\/184","targetHints":{"allow":["GET"]}}],"collection":[{"href":"https:\/\/buenosdatos.cl\/index.php?rest_route=\/wp\/v2\/posts"}],"about":[{"href":"https:\/\/buenosdatos.cl\/index.php?rest_route=\/wp\/v2\/types\/post"}],"author":[{"embeddable":true,"href":"https:\/\/buenosdatos.cl\/index.php?rest_route=\/wp\/v2\/users\/1"}],"replies":[{"embeddable":true,"href":"https:\/\/buenosdatos.cl\/index.php?rest_route=%2Fwp%2Fv2%2Fcomments&post=184"}],"version-history":[{"count":5,"href":"https:\/\/buenosdatos.cl\/index.php?rest_route=\/wp\/v2\/posts\/184\/revisions"}],"predecessor-version":[{"id":2830,"href":"https:\/\/buenosdatos.cl\/index.php?rest_route=\/wp\/v2\/posts\/184\/revisions\/2830"}],"wp:featuredmedia":[{"embeddable":true,"href":"https:\/\/buenosdatos.cl\/index.php?rest_route=\/wp\/v2\/media\/2828"}],"wp:attachment":[{"href":"https:\/\/buenosdatos.cl\/index.php?rest_route=%2Fwp%2Fv2%2Fmedia&parent=184"}],"wp:term":[{"taxonomy":"category","embeddable":true,"href":"https:\/\/buenosdatos.cl\/index.php?rest_route=%2Fwp%2Fv2%2Fcategories&post=184"},{"taxonomy":"post_tag","embeddable":true,"href":"https:\/\/buenosdatos.cl\/index.php?rest_route=%2Fwp%2Fv2%2Ftags&post=184"}],"curies":[{"name":"wp","href":"https:\/\/api.w.org\/{rel}","templated":true}]}}