{"id":2930,"date":"2026-05-01T23:29:03","date_gmt":"2026-05-01T23:29:03","guid":{"rendered":"https:\/\/buenosdatos.cl\/?p=2930"},"modified":"2026-05-01T23:36:00","modified_gmt":"2026-05-01T23:36:00","slug":"shakira-en-copacabana-el-rugido-de-la-loba-que-paraliza-a-brasil-este-2026","status":"publish","type":"post","link":"https:\/\/buenosdatos.cl\/?p=2930","title":{"rendered":"Shakira en Copacabana: El rugido de la loba que paraliza a Brasil este 2026"},"content":{"rendered":"<p data-path-to-node=\"3\"><strong>Las arenas de Copacabana han sido testigos de hitos hist\u00f3ricos: desde la bendici\u00f3n de los Rolling Stones hasta la explosi\u00f3n pop de Madonna en 2024 y Lady Gaga en 2025. Pero hoy, la atm\u00f3sfera en R\u00edo de Janeiro tiene un tinte diferente. Es el turno de la fuerza latina definitiva. <span class=\"citation-11\">Shakira<\/span><span class=\"citation-11 citation-end-11\">, la artista que redefini\u00f3 la resiliencia en la industria, se prepara para el show m\u00e1s grande de su carrera este s\u00e1bado 2 de mayo.<\/span><\/strong><\/p>\n<div class=\"source-inline-chip-container ng-star-inserted\"><\/div>\n<p>&nbsp;<\/p>\n<h3 data-path-to-node=\"5\">Un fen\u00f3meno de masas en cifras<\/h3>\n<p id=\"p-rc_e474ad3362265dee-20\" data-path-to-node=\"6\"><span class=\"citation-10 citation-end-10\">R\u00edo no solo est\u00e1 bailando; est\u00e1 facturando.<\/span> <span class=\"citation-9\">Las autoridades locales y el proyecto <\/span><i data-path-to-node=\"6\" data-index-in-node=\"82\"><span class=\"citation-9\">Todo Mundo no Rio<\/span><\/i><span class=\"citation-9 citation-end-9\"> han proyectado cifras que desaf\u00edan cualquier r\u00e9cord previo:<\/span><\/p>\n<div class=\"source-inline-chip-container ng-star-inserted\"><\/div>\n<p>&nbsp;<\/p>\n<ul data-path-to-node=\"7\">\n<li>\n<p id=\"p-rc_e474ad3362265dee-21\" data-path-to-node=\"7,0,0\"><b data-path-to-node=\"7,0,0\" data-index-in-node=\"0\"><span class=\"citation-8\">Asistencia estimada:<\/span><\/b><span class=\"citation-8\"> Se esperan m\u00e1s de <\/span><b data-path-to-node=\"7,0,0\" data-index-in-node=\"39\"><span class=\"citation-8\">2 millones de personas<\/span><\/b><span class=\"citation-8 citation-end-8\">, superando el hito de Lady Gaga el a\u00f1o pasado.<\/span><\/p>\n<div class=\"source-inline-chip-container ng-star-inserted\"><\/div>\n<p>&nbsp;<\/li>\n<li>\n<p id=\"p-rc_e474ad3362265dee-22\" data-path-to-node=\"7,1,0\"><b data-path-to-node=\"7,1,0\" data-index-in-node=\"0\">Impacto econ\u00f3mico:<\/b><span class=\"citation-7\"> Un derrame de <\/span><b data-path-to-node=\"7,1,0\" data-index-in-node=\"33\"><span class=\"citation-7\">158 millones de d\u00f3lares<\/span><\/b><span class=\"citation-7 citation-end-7\"> para la ciudad en sectores de hoteler\u00eda y comercio.<\/span><\/p>\n<div class=\"source-inline-chip-container ng-star-inserted\"><\/div>\n<p>&nbsp;<\/li>\n<li>\n<p data-path-to-node=\"7,2,0\"><b data-path-to-node=\"7,2,0\" data-index-in-node=\"0\">Log\u00edstica:<\/b> Un escenario monumental de m\u00e1s de 800 metros cuadrados dise\u00f1ado espec\u00edficamente para la geograf\u00eda de la playa.<\/p>\n<\/li>\n<\/ul>\n<hr data-path-to-node=\"8\" \/>\n<h2 data-path-to-node=\"9\">\u00abLas Mujeres Ya No Lloran\u00bb conquista el Atl\u00e1ntico<\/h2>\n<p data-path-to-node=\"10\">Este concierto gratuito no es solo una parada m\u00e1s; es el cl\u00edmax emocional de su gira mundial. Tras aterrizar en el Aeropuerto del Gale\u00e3o este jueves, la barranquillera dej\u00f3 claro que este show es un agradecimiento a sus fans sudamericanos.<\/p>\n<blockquote data-path-to-node=\"11\">\n<p data-path-to-node=\"11,0\">\u00abBrasil siempre ha sido mi segundo hogar. Aqu\u00ed empez\u00f3 todo para m\u00ed hace d\u00e9cadas, y cerrar este ciclo frente a dos millones de personas en Copacabana es el regalo m\u00e1s grande que la m\u00fasica me ha dado\u00bb, declar\u00f3 la artista brevemente a la prensa.<\/p>\n<\/blockquote>\n<h3 data-path-to-node=\"12\">Lo que sabemos del Setlist y las Sorpresas<\/h3>\n<p data-path-to-node=\"13\">Aunque el hermetismo es total en los ensayos cerrados, los rumores en las redes sociales han encendido las alarmas de los fans:<\/p>\n<ol start=\"1\" data-path-to-node=\"14\">\n<li>\n<p data-path-to-node=\"14,0,0\"><b data-path-to-node=\"14,0,0\" data-index-in-node=\"0\">La colaboraci\u00f3n del a\u00f1o:<\/b> Se dice que <b data-path-to-node=\"14,0,0\" data-index-in-node=\"37\">Anitta<\/b> subir\u00e1 al escenario para interpretar el reciente \u00e9xito \u00abChoka Choka\u00bb.<\/p>\n<\/li>\n<li>\n<p data-path-to-node=\"14,1,0\"><b data-path-to-node=\"14,1,0\" data-index-in-node=\"0\">Tecnolog\u00eda de punta:<\/b> El show incluir\u00e1 drones coordinados y una pasarela que se extiende hacia el p\u00fablico, permitiendo que Shakira est\u00e9 m\u00e1s cerca que nunca de la \u00abmarea humana\u00bb.<\/p>\n<\/li>\n<li>\n<p data-path-to-node=\"14,2,0\"><b data-path-to-node=\"14,2,0\" data-index-in-node=\"0\">Un tributo a Brasil:<\/b> Se espera una secci\u00f3n ac\u00fastica con versiones en portugu\u00e9s de sus cl\u00e1sicos noventeros, rindiendo homenaje a sus ra\u00edces en el mercado brasile\u00f1o.<\/p>\n<\/li>\n<\/ol>\n<hr data-path-to-node=\"15\" \/>\n<h3 data-path-to-node=\"16\">Seguridad y Cobertura: \u00bfC\u00f3mo vivirlo?<\/h3>\n<p data-path-to-node=\"17\">Para quienes no pudieron viajar a la <i data-path-to-node=\"17\" data-index-in-node=\"37\">Cidade Maravilhosa<\/i>, la transmisi\u00f3n ser\u00e1 global. En Brasil, <b data-path-to-node=\"17\" data-index-in-node=\"96\">TV Globo<\/b> y <b data-path-to-node=\"17\" data-index-in-node=\"107\">Globoplay<\/b> llevar\u00e1n el evento en vivo a partir de las <b data-path-to-node=\"17\" data-index-in-node=\"160\">21:45 (hora local)<\/b>.<\/p>\n<p data-path-to-node=\"18\">A pesar de la tragedia ocurrida durante el montaje del escenario a principios de semana \u2014donde un trabajador perdi\u00f3 la vida, un hecho que la propia Shakira lament\u00f3 profundamente en sus redes\u2014, la ciudad ha reforzado los protocolos de seguridad con m\u00e1s de 3,000 agentes para asegurar que la noche sea una celebraci\u00f3n de la vida y el arte.<\/p>\n<h3 data-path-to-node=\"19\">El veredicto<\/h3>\n<p id=\"p-rc_e474ad3362265dee-23\" data-path-to-node=\"20\">Este 2026, Shakira no solo est\u00e1 reafirmando su estatus como leyenda; est\u00e1 demostrando que el poder latino no tiene fronteras. <span class=\"citation-6\">Si el 2024 fue de Madonna y el 2025 de Gaga, <\/span><b data-path-to-node=\"20\" data-index-in-node=\"171\"><span class=\"citation-6 citation-end-6\">el 2026 le pertenece por derecho propio a la loba colombiana.<\/span><\/b><\/p>\n","protected":false},"excerpt":{"rendered":"<p>Las arenas de Copacabana han sido testigos de hitos hist\u00f3ricos: desde la bendici\u00f3n de los [&hellip;]<\/p>\n","protected":false},"author":1,"featured_media":2932,"comment_status":"closed","ping_status":"closed","sticky":true,"template":"","format":"standard","meta":{"footnotes":""},"categories":[23],"tags":[],"class_list":["post-2930","post","type-post","status-publish","format-standard","has-post-thumbnail","hentry","category-actualidad"],"_links":{"self":[{"href":"https:\/\/buenosdatos.cl\/index.php?rest_route=\/wp\/v2\/posts\/2930","targetHints":{"allow":["GET"]}}],"collection":[{"href":"https:\/\/buenosdatos.cl\/index.php?rest_route=\/wp\/v2\/posts"}],"about":[{"href":"https:\/\/buenosdatos.cl\/index.php?rest_route=\/wp\/v2\/types\/post"}],"author":[{"embeddable":true,"href":"https:\/\/buenosdatos.cl\/index.php?rest_route=\/wp\/v2\/users\/1"}],"replies":[{"embeddable":true,"href":"https:\/\/buenosdatos.cl\/index.php?rest_route=%2Fwp%2Fv2%2Fcomments&post=2930"}],"version-history":[{"count":1,"href":"https:\/\/buenosdatos.cl\/index.php?rest_route=\/wp\/v2\/posts\/2930\/revisions"}],"predecessor-version":[{"id":2931,"href":"https:\/\/buenosdatos.cl\/index.php?rest_route=\/wp\/v2\/posts\/2930\/revisions\/2931"}],"wp:featuredmedia":[{"embeddable":true,"href":"https:\/\/buenosdatos.cl\/index.php?rest_route=\/wp\/v2\/media\/2932"}],"wp:attachment":[{"href":"https:\/\/buenosdatos.cl\/index.php?rest_route=%2Fwp%2Fv2%2Fmedia&parent=2930"}],"wp:term":[{"taxonomy":"category","embeddable":true,"href":"https:\/\/buenosdatos.cl\/index.php?rest_route=%2Fwp%2Fv2%2Fcategories&post=2930"},{"taxonomy":"post_tag","embeddable":true,"href":"https:\/\/buenosdatos.cl\/index.php?rest_route=%2Fwp%2Fv2%2Ftags&post=2930"}],"curies":[{"name":"wp","href":"https:\/\/api.w.org\/{rel}","templated":true}]}}