{"id":337,"date":"2021-10-17T21:37:41","date_gmt":"2021-10-17T21:37:41","guid":{"rendered":"http:\/\/anthemes.net\/themes\/boutique\/?p=337"},"modified":"2024-01-21T21:38:26","modified_gmt":"2024-01-21T21:38:26","slug":"unlimited-images-with-drag-and-drop-for-every-post-added","status":"publish","type":"post","link":"https:\/\/buenosdatos.cl\/?p=337","title":{"rendered":"La dura historia de Emanuel Noir, el cantante de Ke Personajes"},"content":{"rendered":"<p>Ke Personajes es sin duda uno de los grupos de cumbia m\u00e1s escuchados no s\u00f3lo en Argentina sino en muchas partes del mundo. Su cantante Emanuel Noir, la cara y voz principal de esta banda, cont\u00f3 sobre su adicci\u00f3n a las drogas y al alcohol, pero hoy la vida le muestra otras caras m\u00e1s bonitas.<\/p>\n<p>Si nos ponemos a buscar en YouTube, los primeros videos de Ke Personaje son en el fondo de las casas donde trabajaba como alba\u00f1il, con pocos instrumentos pero con la esencia de querer llegar lejos.<\/p>\n<p>Hoy Emanuel cumple su sue\u00f1o de llevar su m\u00fasica a todas partes del mundo, y es escuchado por artistas muy reconocidos. En el 2023 fue el artista m\u00e1s escuchado en Spotify, rompiendo cientos de r\u00e9cords con \u00abYa no vuelvas\u00bb, \u00abOjitos Rojos\u00bb, \u00abUn Finde\u00bb y uno de sus \u00faltimos lanzamientos \u00abEntre Beso y Beso\u00bb que la est\u00e1 rompiendo en las distintas plataformas.<\/p>\n<p><iframe loading=\"lazy\" title=\"YouTube video player\" src=\"https:\/\/www.youtube.com\/embed\/7hNrwJFL52E?si=1tP8Pez8NWPYgR6P\" width=\"560\" height=\"315\" frameborder=\"0\" allowfullscreen=\"allowfullscreen\"><\/iframe><\/p>\n<p><strong>C\u00f3mo naci\u00f3 Ke Personajes<\/strong><br \/>\n\u00c9ste grupo naci\u00f3 hace apenas 6 o 7 a\u00f1os en Concepci\u00f3n del Uruguay, Entre R\u00edos. En 2016, seg\u00fan cuentan ellos mismos que se juntaron y se promocionaron para tocar en una fiesta.<\/p>\n<p>Emanuel Noir, cantante, Dami\u00e1n Pi\u00f1eiro, teclado, Sebasti\u00e1n Boffeli, la bater\u00eda el\u00e9ctrica, Enzo Mart\u00ednez en el g\u00fciro, fueron quienes arrancaron con la banda, a la que luego se sumaron \u2013en diferentes roles\u2013 Joel Brem -ahora en teclado- y Juan Emanuel Alvarez en la difusi\u00f3n.<\/p>\n<p>Su m\u00fasica comenzaba a gustar y los ensayos eran tarea diaria para este grupo que sin imaginarse, llegar\u00eda tan lejos. Sonaban los primeros covers y cl\u00e1sicos en una pieza de diminuto tama\u00f1o donde s\u00f3lo cab\u00edan los contados integrantes de la banda.<\/p>\n<p>Emanuel cuenta que en la pandemia lograron dar su verdadero salto: \u00abcreo que es por la demanda de lo que uno siente, en plena pandemia sacamos tres o cuatro canciones que fueron tendencia y tuvieron buenas reproducciones\u00bb, dijo en una entrevista con Filo News.<\/p>\n<p>Tuvo como referente a Bob Marley. \u00abYo iba siempre los s\u00e1bados a buscar al pibe y un d\u00eda me qued\u00e9 escuchando y sale un chab\u00f3n y me pregunt\u00f3 si me gustaba. Yo tendr\u00eda 10 u 11 a\u00f1os y le dije que s\u00ed y me dio un CD. Fui y lo puse en mi casa y era Bob Marley, que si me pregunt\u00e1s por un referente ser\u00eda \u00e9l\u00bb, relat\u00f3.<\/p>\n<p><strong>Sus principios en las drogas y su adicci\u00f3n<\/strong><br \/>\nEmanuel cuenta el duro testimonio de su historia como adicto desde muy chico. En mediados del 2020 dej\u00f3 los vicios pero el proceso fue crucial.<\/p>\n<p>\u00abLa droga es una cosa muy seductora, es un mundo rosa en los primeros pasos, que despu\u00e9s termina siendo oscuro. Yo comenc\u00e9 a los 13 a\u00f1os, tengo 32 hoy, y delante de los ojos de Dios desde septiembre del a\u00f1o pasado reci\u00e9n hasta el d\u00eda de hoy no consumo una gota de alcohol ni nada, pero la droga es algo muy brutal\u00bb.<\/p>\n<p>\u00abEn mi barrio hab\u00edan 11 transas, vend\u00edan merca, faso, pasta base, yo los cont\u00e9\u00bb.<\/p>\n<p>En otra entrevista con Gast\u00f3n Pauls, Emma admiti\u00f3 que \u00abllega un punto que no tenes poder decisi\u00f3n con las drogas y cuando ya estas enojado hasta con tu mama, llegas a un fondo\u00bb.<\/p>\n<p>\u00abPor la droga podes matar, robar o lo que la droga quiere que hagas\u00bb, dec\u00eda.<\/p>\n<p><strong>Su internaci\u00f3n y estar cerca de la muerte<\/strong><\/p>\n<p>\u00abSufr\u00ed depresi\u00f3n, cuando me intern\u00e9 por segunda vez, yo estuve internado cuando ten\u00eda 20 a\u00f1os con casi esquizofrenia y paranoia por el consumo de psicof\u00e1rmacos, no apuntaba a otra cosa. Consumir de una manera excesiva me llev\u00f3 a estar tres veces por sobredosis cerca de la muerte y eso me gener\u00f3 una depresi\u00f3n con varios intentos de suicidio, incluso cuando me intern\u00e9 estuve a punto de volarme la cabeza y eso para m\u00ed ya fue como una mugre que no me pod\u00eda sacar y no quer\u00eda saber nada\u00bb.<\/p>\n<p>\u00abLa sobredosis es una b\u00fasqueda de querer terminar con ese sufrimiento\u00bb, describe.<\/p>\n<p><strong>El lado oscuro de la fama<\/strong><br \/>\nEmma logr\u00f3 con Ke Personajes las millones de visitas en YouTube y reproducciones en Spotify. Su primer boom fue -Como Estas- que ha superado los 50 millones de visitas, \u00abAdios amor &#8211; Oye Mujer\u00bb las 169 millones y hace un mes la rompi\u00f3 junto a Onda Sabalera con \u00abPobre Coraz\u00f3n\u00bb.<\/p>\n<p>Su popularidad creci\u00f3 en un abrir y cerrar de ojos, y el a\u00f1o 2022 fue sin duda el gran despegue de la banda ya que durante este a\u00f1o grabaron canciones con La K\u00b4onga, Pablo Lescano (Damas Gratis), Ulises Eyherabide (Rescate), La T y La M, entre otros artistas.<\/p>\n<p>En la entrevista remarca \u00abven que andas en un auto de 8 millones y yo me intern\u00e9 porque no pod\u00eda dormir solo, la oscuridad me da miedo. Lo loco de ver a la gente decir que uno se acuesta como un bac\u00e1n y yo llegaba a mi casa y era como si me encerraran en una jaula, me ten\u00eda que tomar dos tabletas de Rivotril para poder dormirme lo m\u00e1s r\u00e1pido posible y no hacerme la cabeza y sentir que hay personas adentro\u00bb.<\/p>\n<p>&nbsp;<\/p>\n<p>fuente:<\/p>\n<p>https:\/\/www.todojujuy.com\/<\/p>\n","protected":false},"excerpt":{"rendered":"<p>El vocalista de Ke Personajes, la banda m\u00e1s elegida por los argentinos, pas\u00f3 por momentos muy cr\u00edticos y hoy es una estrella de la cumbia.<\/p>\n","protected":false},"author":1,"featured_media":2786,"comment_status":"closed","ping_status":"closed","sticky":false,"template":"","format":"standard","meta":{"footnotes":""},"categories":[25],"tags":[],"class_list":["post-337","post","type-post","status-publish","format-standard","has-post-thumbnail","hentry","category-curiosidad"],"_links":{"self":[{"href":"https:\/\/buenosdatos.cl\/index.php?rest_route=\/wp\/v2\/posts\/337","targetHints":{"allow":["GET"]}}],"collection":[{"href":"https:\/\/buenosdatos.cl\/index.php?rest_route=\/wp\/v2\/posts"}],"about":[{"href":"https:\/\/buenosdatos.cl\/index.php?rest_route=\/wp\/v2\/types\/post"}],"author":[{"embeddable":true,"href":"https:\/\/buenosdatos.cl\/index.php?rest_route=\/wp\/v2\/users\/1"}],"replies":[{"embeddable":true,"href":"https:\/\/buenosdatos.cl\/index.php?rest_route=%2Fwp%2Fv2%2Fcomments&post=337"}],"version-history":[{"count":3,"href":"https:\/\/buenosdatos.cl\/index.php?rest_route=\/wp\/v2\/posts\/337\/revisions"}],"predecessor-version":[{"id":2787,"href":"https:\/\/buenosdatos.cl\/index.php?rest_route=\/wp\/v2\/posts\/337\/revisions\/2787"}],"wp:featuredmedia":[{"embeddable":true,"href":"https:\/\/buenosdatos.cl\/index.php?rest_route=\/wp\/v2\/media\/2786"}],"wp:attachment":[{"href":"https:\/\/buenosdatos.cl\/index.php?rest_route=%2Fwp%2Fv2%2Fmedia&parent=337"}],"wp:term":[{"taxonomy":"category","embeddable":true,"href":"https:\/\/buenosdatos.cl\/index.php?rest_route=%2Fwp%2Fv2%2Fcategories&post=337"},{"taxonomy":"post_tag","embeddable":true,"href":"https:\/\/buenosdatos.cl\/index.php?rest_route=%2Fwp%2Fv2%2Ftags&post=337"}],"curies":[{"name":"wp","href":"https:\/\/api.w.org\/{rel}","templated":true}]}}