{"id":853,"date":"2024-01-12T00:43:22","date_gmt":"2024-01-12T00:43:22","guid":{"rendered":"http:\/\/anthemes.com\/themes\/pin\/full\/?p=853"},"modified":"2024-01-23T12:12:30","modified_gmt":"2024-01-23T12:12:30","slug":"bloqueadores-solares-2-0-mucho-mas-que-proteccion-para-la-piel","status":"publish","type":"post","link":"https:\/\/buenosdatos.cl\/?p=853","title":{"rendered":"Bloqueadores Solares 2.0: Mucho m\u00e1s que protecci\u00f3n para la piel"},"content":{"rendered":"<p style=\"font-weight: 400;\"><em>La innovaci\u00f3n pareciera no tener l\u00edmites a la hora de cuidarnos. Aqu\u00ed te contamos los m\u00e1s recientes.<\/em><\/p>\n<p style=\"font-weight: 400;\">En m\u00e1s de alguna oportunidad, hemos le\u00eddo que el mejor cosm\u00e9tico para la piel es el protector solar. De acuerdo con los expertos, esta afirmaci\u00f3n es correcta, considerando que estos productos son claves para que nuestra piel no s\u00f3lo luzca bien, sino que tambi\u00e9n est\u00e9 sana. Y en los \u00faltimos a\u00f1os, m\u00e1s innovaciones se han introducido en la elaboraci\u00f3n de \u00e9stos, combinando nuevos beneficios que valen la pena conocer.<\/p>\n<p style=\"font-weight: 400;\">Magdalena Galarce, m\u00e9dica de servicios m\u00e9dicos y farmac\u00e9uticos de Farmacias Ahumada, comenta que \u201cla importancia de los protectores comenz\u00f3 a surgir a fines de la d\u00e9cada del 70. En ese entonces, lo importante era s\u00f3lo la protecci\u00f3n a los rayos UV, sin embargo, el mercado de estos protectores se va ajustando a las necesidades de cada persona y a los diferentes contextos que hace 20 a\u00f1os ni siquiera imagin\u00e1bamos\u201d.<\/p>\n<p style=\"font-weight: 400;\">En la actualidad, adicional a la protecci\u00f3n solar que ofrecen, existen productos con beneficios adicionales. \u201cAntiedad, antipigmento, con acelerantes para el bronceado, antipoluci\u00f3n y que incluyan antioxidantes son algunos de ellos. Algunos filtros f\u00edsicos, otros qu\u00edmicos; para piel sensible, seca o grasa. Cruelty free, sostenibles con el medio ambiente. Las alternativas son extensas y es necesario revisar algunas de ellas\u201d, indica Galarce.<\/p>\n<p style=\"font-weight: 400;\">Por ejemplo, la profesional explica que hay filtros f\u00edsicos, que son minerales de amplio espectro que generan una barrera f\u00edsica y retienen radiaciones solares UV visibles y las ultravioleta, formulados en base a \u00f3xido de zinc y di\u00f3xido de titanio, principalmente. Tambi\u00e9n existen los filtros qu\u00edmicos, que pueden absorber la radiaci\u00f3n y emitiendo esta energ\u00eda como radiaci\u00f3n t\u00e9rmica.<\/p>\n<p style=\"font-weight: 400;\"><strong>Protectores y algo m\u00e1s<\/strong><\/p>\n<p style=\"font-weight: 400;\">As\u00ed, una de las tendencias que vemos con m\u00e1s fuerza son los protectores antiedad. En estos casos, los protectores suelen contener una importante proporci\u00f3n de \u00e1cido hialur\u00f3nico, cuya capacidad de atraer y retener el agua ayuda a hidratar, lo que entregar\u00eda m\u00e1s tiempo para la aparici\u00f3n de arrugas o l\u00edneas de expresi\u00f3n.<\/p>\n<p style=\"font-weight: 400;\">Tambi\u00e9n, los productos que contienen niacinamida est\u00e1n a la vanguardia. \u201cEste es un tipo de vitamina B, una mol\u00e9cula antiedad y multifunci\u00f3n, que aporta m\u00faltiples beneficios a nuestra piel, entre los que destacan la regeneraci\u00f3n celular, la entrega de energ\u00eda a las c\u00e9lulas y la s\u00edntesis de col\u00e1geno a trav\u00e9s de la estimulaci\u00f3n a los fibroblastos. Por esta raz\u00f3n un protector solar rico en niacinamida nos ayudar\u00e1 reafirmando nuestra piel y evitando la aparici\u00f3n temprana de manchas\u201d, se\u00f1ala la doctora.<\/p>\n<p style=\"font-weight: 400;\">Otra de las innovaciones que podemos encontrar en protecci\u00f3n solar son los productos \u201canti-pigmento\u201d. M\u00faltiples factores como el sol, los cambios hormonales y el envejecimiento son los responsables de generar la hiperpigmentaci\u00f3n, o esas manchas oscuras que suelen aparecer con los a\u00f1os y entregan a la piel un tono irregular. \u201cEl Thiamidol es una mol\u00e9cula que ha obtenido un gran respaldo cient\u00edfico, siendo un principio activo eficaz y patentado. B\u00e1sicamente, su principal atributo es que inhibe parcialmente a la tirosinasa humana, enzima encargada de la producci\u00f3n de la melanina, mol\u00e9cula que producida en exceso genera las manchas. De hecho, se reportan resultados visibles a partir de las primeras semanas de uso\u201d, a\u00f1ade Galarce.<\/p>\n<p style=\"font-weight: 400;\"><img loading=\"lazy\" decoding=\"async\" class=\"wp-image-2725 alignleft\" src=\"https:\/\/buenosdatos.cl\/wp-content\/uploads\/2020\/10\/Protectores2-300x169.jpg\" alt=\"\" width=\"396\" height=\"223\" srcset=\"https:\/\/buenosdatos.cl\/wp-content\/uploads\/2020\/10\/Protectores2-300x169.jpg 300w, https:\/\/buenosdatos.cl\/wp-content\/uploads\/2020\/10\/Protectores2-1024x576.jpg 1024w, https:\/\/buenosdatos.cl\/wp-content\/uploads\/2020\/10\/Protectores2-768x432.jpg 768w, https:\/\/buenosdatos.cl\/wp-content\/uploads\/2020\/10\/Protectores2-950x534.jpg 950w, https:\/\/buenosdatos.cl\/wp-content\/uploads\/2020\/10\/Protectores2-480x270.jpg 480w, https:\/\/buenosdatos.cl\/wp-content\/uploads\/2020\/10\/Protectores2.jpg 1087w\" sizes=\"auto, (max-width: 396px) 100vw, 396px\" \/>Por \u00faltimo, los productos con aceleradores para el bronceado se est\u00e1n convirtiendo en una tendencia para este verano. Sin embargo, la especialista hace la diferencia entre \u00e9stos y los autobronceantes. \u201cLos protectores solares con aceleradores para el bronceado funcionan estimulando la producci\u00f3n de melanina, generando un color m\u00e1s intenso y duradero en el tiempo. Mientras, que los autobronceantes proporcionan color a la piel sin necesidad de exponerse al sol, gracias a componentes como la dihidroxiacetona (DHA), pero su efecto suele ser temporal y, generalmente, no contienen factor de protecci\u00f3n contra la luz solar\u201d.<\/p>\n<p style=\"font-weight: 400;\">Actualmente, todos somos conscientes del peligro de los rayos UV y los efectos nocivos de la exposici\u00f3n al sol sin protecci\u00f3n para la piel.\u00a0 La Organizaci\u00f3n Mundial de la Salud (OMS) estima que cada a\u00f1o se diagnostican tres millones de nuevos casos de c\u00e1ncer a la piel, mientras que en Chile la mortalidad por esta patolog\u00eda ha aumentado entre un 50% y un 100% en la \u00faltima d\u00e9cada, provocando la muerte de m\u00e1s de 300 personas al a\u00f1o, seg\u00fan la Corporaci\u00f3n Nacional del C\u00e1ncer.<\/p>\n<p style=\"font-weight: 400;\">\u201cHoy debemos aprovechar la gran variedad de productos que nos ofrece el mercado, siempre pensando en los beneficios adicionales y teniendo en cuenta nuestro tipo de piel. Es importante cuidarse los 365 d\u00edas del a\u00f1o, que incluye no s\u00f3lo utilizar el protector, sino que tambi\u00e9n repetir la aplicaci\u00f3n del mismo cada dos horas, ya que \u00e9ste se degrada con la exposici\u00f3n. Cuidar nuestra piel, nunca ha sido m\u00e1s f\u00e1cil\u201d, concluye la profesional.<\/p>\n<p>&nbsp;<\/p>\n<h6 style=\"font-weight: 400;\">Betsab\u00e9 Flores M.<\/h6>\n<h6 style=\"font-weight: 400;\">Periodista Farmacias Ahumada<\/h6>\n<p>&nbsp;<\/p>\n<p>&nbsp;<\/p>\n","protected":false},"excerpt":{"rendered":"<p>A\u00f1o a a\u00f1o, la industria dermocosm\u00e9tica nos vuelve a sorprender con nuevas formulaciones y productos para el cuidado de la piel en verano.<\/p>\n","protected":false},"author":1,"featured_media":2724,"comment_status":"open","ping_status":"closed","sticky":false,"template":"","format":"standard","meta":{"footnotes":""},"categories":[23,19],"tags":[492],"class_list":["post-853","post","type-post","status-publish","format-standard","has-post-thumbnail","hentry","category-actualidad","category-saludybelleza","tag-verano"],"_links":{"self":[{"href":"https:\/\/buenosdatos.cl\/index.php?rest_route=\/wp\/v2\/posts\/853","targetHints":{"allow":["GET"]}}],"collection":[{"href":"https:\/\/buenosdatos.cl\/index.php?rest_route=\/wp\/v2\/posts"}],"about":[{"href":"https:\/\/buenosdatos.cl\/index.php?rest_route=\/wp\/v2\/types\/post"}],"author":[{"embeddable":true,"href":"https:\/\/buenosdatos.cl\/index.php?rest_route=\/wp\/v2\/users\/1"}],"replies":[{"embeddable":true,"href":"https:\/\/buenosdatos.cl\/index.php?rest_route=%2Fwp%2Fv2%2Fcomments&post=853"}],"version-history":[{"count":5,"href":"https:\/\/buenosdatos.cl\/index.php?rest_route=\/wp\/v2\/posts\/853\/revisions"}],"predecessor-version":[{"id":2728,"href":"https:\/\/buenosdatos.cl\/index.php?rest_route=\/wp\/v2\/posts\/853\/revisions\/2728"}],"wp:featuredmedia":[{"embeddable":true,"href":"https:\/\/buenosdatos.cl\/index.php?rest_route=\/wp\/v2\/media\/2724"}],"wp:attachment":[{"href":"https:\/\/buenosdatos.cl\/index.php?rest_route=%2Fwp%2Fv2%2Fmedia&parent=853"}],"wp:term":[{"taxonomy":"category","embeddable":true,"href":"https:\/\/buenosdatos.cl\/index.php?rest_route=%2Fwp%2Fv2%2Fcategories&post=853"},{"taxonomy":"post_tag","embeddable":true,"href":"https:\/\/buenosdatos.cl\/index.php?rest_route=%2Fwp%2Fv2%2Ftags&post=853"}],"curies":[{"name":"wp","href":"https:\/\/api.w.org\/{rel}","templated":true}]}}